{"id":907,"date":"2019-04-18T16:41:23","date_gmt":"2019-04-18T14:41:23","guid":{"rendered":"http:\/\/huthaus.ch\/blog\/?p=907"},"modified":"2020-11-13T15:02:41","modified_gmt":"2020-11-13T13:02:41","slug":"kapitansmutzen","status":"publish","type":"post","link":"https:\/\/huthaus.ch\/blog\/kapitansmutzen\/","title":{"rendered":"Kapit\u00e4nsm\u00fctzen bei HutHaus.ch"},"content":{"rendered":"\n<p class=\"wp-block-paragraph\"> Die Kapit\u00e4nsm\u00fctze ist nicht nur eine praktische Kopfbedeckung f\u00fcr Kapit\u00e4ne, sondern auch ein modisches Accessoire f\u00fcr alle Fans des maritimen Stils. Bei HutHaus.ch finden Sie eine grosse Auswahl an Kapit\u00e4nsm\u00fctzen. Lernen Sie die beliebtensten Modell hier kennen und frischen Sie damit Ihr Outfit auf, egal ob auf dem See oder in der Stadt. <\/p>\n\n\n\n<h3 class=\"wp-block-heading\">Camaret Kapit\u00e4nsm\u00fctze<\/h3>\n\n\n\n<div class=\"wp-block-columns has-2-columns is-layout-flex wp-container-core-columns-is-layout-8f761849 wp-block-columns-is-layout-flex\">\n<div class=\"wp-block-column is-layout-flow wp-block-column-is-layout-flow\">\n<figure class=\"wp-block-image\"><img loading=\"lazy\" decoding=\"async\" width=\"200\" height=\"200\" src=\"https:\/\/huthaus.ch\/blog\/wp-content\/uploads\/2017\/01\/camaret.jpg\" alt=\"Camaret Kapit\u00e4nsm\u00fctze\" class=\"wp-image-904\" srcset=\"https:\/\/huthaus.ch\/blog\/wp-content\/uploads\/2017\/01\/camaret.jpg 200w, https:\/\/huthaus.ch\/blog\/wp-content\/uploads\/2017\/01\/camaret-150x150.jpg 150w\" sizes=\"auto, (max-width: 200px) 100vw, 200px\" \/><\/figure>\n<\/div>\n\n\n\n<div class=\"wp-block-column is-layout-flow wp-block-column-is-layout-flow\">\n<p class=\"wp-block-paragraph\">Das Camaret ist eine klassische und vielf\u00e4ltig einsetzbare Kapit\u00e4nsm\u00fctze. Urspr\u00fcnglich stammt diese Form aus der Bretagne, aus dem Fischerort Camaret-sur-mer, wo stets eine Brise vom Meer her weht und die Fischer sich mit der Wollfstoffm\u00fctze vor allen m\u00f6glichen Wetterienfl\u00fcssen sch\u00fctzen.<\/p>\n<\/div>\n<\/div>\n\n\n\n<h3 class=\"wp-block-heading\">Kapit\u00e4nsm\u00fctze &#8222;Navy&#8220;<\/h3>\n\n\n\n<div class=\"wp-block-columns has-2-columns is-layout-flex wp-container-core-columns-is-layout-8f761849 wp-block-columns-is-layout-flex\">\n<div class=\"wp-block-column is-layout-flow wp-block-column-is-layout-flow\">\n<figure class=\"wp-block-image is-resized\"><img loading=\"lazy\" decoding=\"async\" src=\"https:\/\/huthaus.ch\/blog\/wp-content\/uploads\/2017\/08\/kapit\u00e4nsm\u00fctzen.jpg\" alt=\"Kapit\u00e4nsm\u00fctze\" class=\"wp-image-941\" width=\"301\" height=\"200\" srcset=\"https:\/\/huthaus.ch\/blog\/wp-content\/uploads\/2017\/08\/kapit\u00e4nsm\u00fctzen.jpg 601w, https:\/\/huthaus.ch\/blog\/wp-content\/uploads\/2017\/08\/kapit\u00e4nsm\u00fctzen-300x200.jpg 300w, https:\/\/huthaus.ch\/blog\/wp-content\/uploads\/2017\/08\/kapit\u00e4nsm\u00fctzen-390x260.jpg 390w, https:\/\/huthaus.ch\/blog\/wp-content\/uploads\/2017\/08\/kapit\u00e4nsm\u00fctzen-520x346.jpg 520w\" sizes=\"auto, (max-width: 301px) 100vw, 301px\" \/><figcaption>Die Kapit\u00e4nsm\u00fctze &#8222;Navy&#8220; mit goldener Schnur und gesticktem Anker.<\/figcaption><\/figure>\n\n\n\n<p class=\"wp-block-paragraph\"><\/p>\n<\/div>\n\n\n\n<div class=\"wp-block-column is-layout-flow wp-block-column-is-layout-flow\">\n<p class=\"wp-block-paragraph\">Die &#8222;Navy&#8220; Kapit\u00e4nsm\u00fctze ist die leichteste und sommerlichste Variante. Das weisse Kopfteil und der luftige Stoff mit Baumwollanteil garantieren bestes Sommer-Feeling. Egal ob Sie mit dieser stilvollen M\u00fctze das Boot Ihrer Tr\u00e4ume steuern, oder in der Stadt unterwegs sind, Ihr Outfit wird perfekt abgerundet.<\/p>\n<\/div>\n<\/div>\n\n\n\n<h3 class=\"wp-block-heading\">Prinz-Heinrich-M\u00fctze<\/h3>\n\n\n\n<div class=\"wp-block-media-text alignwide\"><figure class=\"wp-block-media-text__media\"><img loading=\"lazy\" decoding=\"async\" width=\"200\" height=\"200\" src=\"https:\/\/huthaus.ch\/blog\/wp-content\/uploads\/2017\/01\/prinzheinrichmutze.jpg\" alt=\"Prinz Heinrich M\u00fctze\" class=\"wp-image-902\" srcset=\"https:\/\/huthaus.ch\/blog\/wp-content\/uploads\/2017\/01\/prinzheinrichmutze.jpg 200w, https:\/\/huthaus.ch\/blog\/wp-content\/uploads\/2017\/01\/prinzheinrichmutze-150x150.jpg 150w\" sizes=\"auto, (max-width: 200px) 100vw, 200px\" \/><\/figure><div class=\"wp-block-media-text__content\">\n<p class=\"wp-block-paragraph\">Ihren Namen hat die Prinz-Heinrich-M\u00fctze erhalten, weil der  <br>Grossadmiral Prinz Heinrich von Preu\u00dfen, der Bruder von Kaiser Wilhelm II., sie so gerne getragen hat. Charakteristisch sind ihr hoher Steg mit Eichenlaub-Dekor und das eher feste, steife Kopfteil. Wie alle Kapit\u00e4nsm\u00fctzen ist auch diese mit einer edlen Kordel geschm\u00fcckt.<\/p>\n<\/div><\/div>\n\n\n\n<h3 class=\"wp-block-heading\">Elbsegler M\u00fctze <\/h3>\n\n\n\n<div class=\"wp-block-columns has-2-columns is-layout-flex wp-container-core-columns-is-layout-8f761849 wp-block-columns-is-layout-flex\">\n<div class=\"wp-block-column is-layout-flow wp-block-column-is-layout-flow\">\n<figure class=\"wp-block-image\"><img loading=\"lazy\" decoding=\"async\" width=\"200\" height=\"200\" src=\"https:\/\/huthaus.ch\/blog\/wp-content\/uploads\/2017\/01\/elbseglermutze.jpg\" alt=\"Elbsgelerm\u00fctze\" class=\"wp-image-901\" srcset=\"https:\/\/huthaus.ch\/blog\/wp-content\/uploads\/2017\/01\/elbseglermutze.jpg 200w, https:\/\/huthaus.ch\/blog\/wp-content\/uploads\/2017\/01\/elbseglermutze-150x150.jpg 150w\" sizes=\"auto, (max-width: 200px) 100vw, 200px\" \/><figcaption>Elbsegler M\u00fctze mit Kordel<\/figcaption><\/figure>\n<\/div>\n\n\n\n<div class=\"wp-block-column is-layout-flow wp-block-column-is-layout-flow\">\n<p class=\"wp-block-paragraph\">Die Elbsegler M\u00fctze ist die deutsche Variante des Camarets &#8211; eine zuverl\u00e4ssige Kapit\u00e4nsm\u00fctze f\u00fcr jeden Tag. Unter allen Modellen ist es die flachste und schlichteste Variante.<\/p>\n<\/div>\n<\/div>\n\n\n\n<h4 class=\"wp-block-heading\">Kapit\u00e4nsm\u00fctzen f\u00fcr jedes Wetter<\/h4>\n\n\n\n<p class=\"wp-block-paragraph\">Auf dem Wasser ist das Wetter besonders intensiv. Es gibt kaum Schatten, sodass ein zuverl\u00e4ssiger Sonnenschutz unerl\u00e4sslich ist. Gleichzeitig haben Wind und Regen freie Bahn, wodurch St\u00fcrme schnell bedrohlich wirken. Gut, wenn man sich in diesen Situationen stets auf seine Kopfbedeckung verlassen kann.<\/p>\n\n\n\n<p class=\"wp-block-paragraph\">Die meisten Kapit\u00e4nsm\u00fctzen sind deshalb auch heute noch aus Wolle gefertigt. Sie ist wasserabweisend, isolierend, sch\u00fctzt vor Sonne und knittert nicht. Schmutz und Ger\u00fcche werden kaum aufgenommen. Ausserdem ist Wolle best\u00e4ndig und weist Feuchtigkeit ab.<\/p>\n\n\n\n<p class=\"wp-block-paragraph\">Durch Beigabe von wenigen Kunstfasern wird ein weiches Tragegef\u00fchl erreicht und der Komfort bei warmen Temperaturen optimiert. <\/p>\n\n\n\n<div class=\"wp-block-button aligncenter\"><a class=\"wp-block-button__link\" href=\"https:\/\/huthaus.ch\/59-kapitansmutzen\">Kapit\u00e4nsm\u00fctzen-Shop<\/a><\/div>\n","protected":false},"excerpt":{"rendered":"<p>Die Kapit\u00e4nsm\u00fctze ist nicht nur eine praktische Kopfbedeckung f\u00fcr Kapit\u00e4ne, sondern auch ein modisches Accessoire f\u00fcr alle Fans des maritimen Stils. Bei HutHaus.ch finden Sie eine grosse Auswahl an Kapit\u00e4nsm\u00fctzen. Lernen Sie die beliebtensten Modell hier kennen und frischen Sie damit Ihr Outfit auf, egal ob auf dem See oder in der Stadt. Camaret Kapit\u00e4nsm\u00fctze Das Camaret ist eine klassische und vielf\u00e4ltig einsetzbare Kapit\u00e4nsm\u00fctze. Urspr\u00fcnglich stammt diese Form aus der Bretagne, aus dem Fischerort Camaret-sur-mer, wo stets eine Brise vom Meer her weht und die Fischer sich mit der Wollfstoffm\u00fctze vor allen m\u00f6glichen Wetterienfl\u00fcssen sch\u00fctzen. Kapit\u00e4nsm\u00fctze &#8222;Navy&#8220; Die &#8222;Navy&#8220; Kapit\u00e4nsm\u00fctze ist die leichteste und sommerlichste Variante. Das weisse Kopfteil und der luftige Stoff mit Baumwollanteil garantieren bestes Sommer-Feeling. Egal ob Sie mit dieser stilvollen M\u00fctze das Boot Ihrer Tr\u00e4ume steuern, oder in der Stadt unterwegs sind, Ihr Outfit wird perfekt abgerundet. Prinz-Heinrich-M\u00fctze Ihren Namen hat die Prinz-Heinrich-M\u00fctze erhalten, weil der Grossadmiral Prinz Heinrich von Preu\u00dfen, der Bruder von Kaiser Wilhelm II., sie so gerne getragen hat. Charakteristisch sind ihr hoher Steg mit Eichenlaub-Dekor und das eher feste, steife Kopfteil. Wie alle Kapit\u00e4nsm\u00fctzen ist auch diese mit einer edlen Kordel geschm\u00fcckt. Elbsegler M\u00fctze Die Elbsegler M\u00fctze ist die deutsche Variante des Camarets &#8211; eine zuverl\u00e4ssige Kapit\u00e4nsm\u00fctze f\u00fcr jeden Tag. Unter allen Modellen ist es die flachste und schlichteste Variante. Kapit\u00e4nsm\u00fctzen f\u00fcr jedes Wetter Auf dem Wasser ist das Wetter besonders intensiv. Es gibt kaum Schatten, sodass ein zuverl\u00e4ssiger Sonnenschutz unerl\u00e4sslich ist. Gleichzeitig haben Wind und Regen freie Bahn, wodurch St\u00fcrme schnell bedrohlich wirken. Gut, wenn man sich in diesen Situationen stets auf seine Kopfbedeckung verlassen kann. Die meisten Kapit\u00e4nsm\u00fctzen sind deshalb auch heute noch aus Wolle gefertigt. Sie ist wasserabweisend, isolierend, sch\u00fctzt vor Sonne und knittert nicht. Schmutz und Ger\u00fcche werden kaum aufgenommen. Ausserdem ist Wolle best\u00e4ndig und weist Feuchtigkeit ab. Durch Beigabe von wenigen Kunstfasern wird ein weiches Tragegef\u00fchl erreicht und der Komfort bei warmen Temperaturen optimiert.<\/p>\n","protected":false},"author":1,"featured_media":1248,"comment_status":"open","ping_status":"closed","sticky":false,"template":"","format":"standard","meta":{"footnotes":""},"categories":[8],"tags":[62,63,56,64],"class_list":["post-907","post","type-post","status-publish","format-standard","has-post-thumbnail","hentry","category-mutzen","tag-camaret","tag-elbsegler","tag-kapitaensmuetze","tag-navy-muetze"],"featured_image_src":"https:\/\/huthaus.ch\/blog\/wp-content\/uploads\/2019\/04\/BeitragsbildKapit\u00e4nsm\u00fctzen.jpg","author_info":{"display_name":"Stephanie Komminoth","author_link":"https:\/\/huthaus.ch\/blog\/author\/admin\/"},"_links":{"self":[{"href":"https:\/\/huthaus.ch\/blog\/wp-json\/wp\/v2\/posts\/907","targetHints":{"allow":["GET"]}}],"collection":[{"href":"https:\/\/huthaus.ch\/blog\/wp-json\/wp\/v2\/posts"}],"about":[{"href":"https:\/\/huthaus.ch\/blog\/wp-json\/wp\/v2\/types\/post"}],"author":[{"embeddable":true,"href":"https:\/\/huthaus.ch\/blog\/wp-json\/wp\/v2\/users\/1"}],"replies":[{"embeddable":true,"href":"https:\/\/huthaus.ch\/blog\/wp-json\/wp\/v2\/comments?post=907"}],"version-history":[{"count":0,"href":"https:\/\/huthaus.ch\/blog\/wp-json\/wp\/v2\/posts\/907\/revisions"}],"wp:featuredmedia":[{"embeddable":true,"href":"https:\/\/huthaus.ch\/blog\/wp-json\/wp\/v2\/media\/1248"}],"wp:attachment":[{"href":"https:\/\/huthaus.ch\/blog\/wp-json\/wp\/v2\/media?parent=907"}],"wp:term":[{"taxonomy":"category","embeddable":true,"href":"https:\/\/huthaus.ch\/blog\/wp-json\/wp\/v2\/categories?post=907"},{"taxonomy":"post_tag","embeddable":true,"href":"https:\/\/huthaus.ch\/blog\/wp-json\/wp\/v2\/tags?post=907"}],"curies":[{"name":"wp","href":"https:\/\/api.w.org\/{rel}","templated":true}]}}